{"id":4022,"date":"2020-09-23T12:00:17","date_gmt":"2020-09-23T11:00:17","guid":{"rendered":"https:\/\/clinimed.pt\/?p=4022"},"modified":"2020-09-24T12:18:12","modified_gmt":"2020-09-24T11:18:12","slug":"regressar-a-escola-em-tempos-estranhos","status":"publish","type":"post","link":"https:\/\/clinimed.pt\/en\/regressar-a-escola-em-tempos-estranhos\/","title":{"rendered":"Regressar \u00e0 escola em tempos estranhos"},"content":{"rendered":"\n<p>Desde o in\u00edcio da Pandemia, muito se passou a n\u00edvel da sociedade e da vida espec\u00edfica de cada um de n\u00f3s.<br>Muitas foram as orienta\u00e7\u00f5es preconizadas pela DGS e Minist\u00e9rio da Sa\u00fade ao longo dos meses, conforme a situa\u00e7\u00e3o pand\u00e9mica foi evoluindo, nem todas entend\u00edveis, nem todas coerentes, nem todas consensuais, nem todas pratic\u00e1veis ou praticadas.<\/p>\n\n\n\n<p>Chegados a este momento de reentrada na vida escolar, acrescem as orienta\u00e7\u00f5es do Minist\u00e9rio da Educa\u00e7\u00e3o.<br>Cada Agrupamento Escolar fez a sua prepara\u00e7\u00e3o deste in\u00edcio de ano letivo, contemplando tais orienta\u00e7\u00f5es, conforme o poss\u00edvel perante a sua realidade e recursos (f\u00edsicos e humanos), tentando ir ao encontro do mais desej\u00e1vel.<br>N\u00e3o pode restar d\u00favida da magnitude deste esfor\u00e7o por parte de todos os Agrupamentos Escolares sem exce\u00e7\u00e3o, para tentar manter a comunidade escolar \u00edntegra e funcional.<br>Este esfor\u00e7o existiu n\u00e3o s\u00f3 na prepara\u00e7\u00e3o do ano escolar mas perpetuar-se-\u00e1 em todos os momentos no pensamento\/atitude\/exig\u00eancia dos diversos intervenientes (dire\u00e7\u00f5es, corpos docentes, todos os t\u00e9cnicos auxiliares de educa\u00e7\u00e3o), assim como tamb\u00e9m dever\u00e1 estar na atitude de cada aluno.<br><br><strong>E \u00e9 aqui que entra a fam\u00edlia de cada crian\u00e7a\/adolescente.<br><\/strong><br>No primeiro momento devemos transmitir confian\u00e7a aos nossos educandos: se todos tivermos uma postura adequada, sobretudo consci\u00eancia da import\u00e2ncia que tem o comportamento de cada um, tudo poder\u00e1 evoluir sem grandes sobressaltos.<\/p>\n\n\n\n<ul class=\"wp-block-list\"><li> M\u00e1scara usada de forma correta, nas faixas et\u00e1rias em que foi preconizada;<\/li><li>Desinfe\u00e7\u00e3o das m\u00e3os frequente e evitar ao m\u00e1ximo lev\u00e1-las \u00e0 cara &#8211; O MAIS IMPORTANTE!;<\/li><li>Etiqueta respirat\u00f3ria (espirrar ou tossir para a face interna do cotovelo mesmo com m\u00e1scara, pois esta n\u00e3o \u00e9 inerte; utilizar um len\u00e7o de papel de uso \u00fanico e de imediato coloc\u00e1-lo no lixo);<\/li><li>O afastamento interpessoal de um a dois metros, entre o imposs\u00edvel perante as realidades f\u00edsicas escolares, necessidades relacionais de toda a popula\u00e7\u00e3o escolar e o desej\u00e1vel perante a situa\u00e7\u00e3o concreta, algo caber\u00e1 a cada um colaborar, tendo em considera\u00e7\u00e3o o t\u00e3o importante bem-estar relacional entre as crian\u00e7as e os jovens.<\/li><\/ul>\n\n\n\n<p>Chegados a casa no final do dia, nada como um bom banho, primeiro que tudo.<br>Ser\u00e1 uma forma de adquirir algum relaxamento f\u00edsico e ps\u00edquico concreto, para al\u00e9m do \u00f3bvio objetivo de higiene corporal. Sim, relaxamento. Um dia de escola s\u00f3 por si \u00e9 fonte de exig\u00eancias e de tens\u00f5es interpessoais. Este ano acrescem as ansiedades de toda a comunidade escolar, cada um \u00e0 sua maneira.<br><br><strong>Os alunos ambicionam chegar a casa para baixar as suas defesas e &#8220;expulsar&#8221; as suas tens\u00f5es.<br><\/strong><br>\u00c9 a casa, por natureza, o espa\u00e7o contentor para este desaguar de emo\u00e7\u00f5es. Pretende-se que o aluno fique na soleira da porta, entra o filho. Mas, filho portador das emo\u00e7\u00f5es do aluno que foi durante o dia.<br>Assim, neste momento de reencontro familiar, \u00e9 de extrema import\u00e2ncia os pais estarem muito conscientes das suas pr\u00f3prias emo\u00e7\u00f5es e sentimentos. Pais tamb\u00e9m recetores de toda a tens\u00e3o do seu dia de trabalho e cumprimento de regras, para al\u00e9m da perp\u00e9tua inseguran\u00e7a de tudo estar a ser feito na escola em conformidade.<br><br>Repito: consci\u00eancia dos pais das suas pr\u00f3prias emo\u00e7\u00f5es.<br>Com esta consci\u00eancia tamb\u00e9m conseguir\u00e3o estar mais capazes de entender as emo\u00e7\u00f5es trazidas pelos filhos, acumuladas ao longo do seu dia. Ansiedades m\u00fatuas s\u00e3o um potencial fator desencadeante de conflitos dif\u00edceis de gerir. Com essa consci\u00eancia os pais mais facilmente conseguir\u00e3o separar causas de desentendimentos, dificuldades de obedi\u00eancia ou diverg\u00eancias.<br><br>Permitir um primeiro momento de sil\u00eancio ou mesmo retirada para outra divis\u00e3o da casa (o tal banho, por exemplo!) ser\u00e1 fundamental em muitos casos para este apaziguamento inicial necess\u00e1rio e reencontro de cada um em si pr\u00f3prio.<br><br>Ent\u00e3o, conforme a din\u00e2mica de cada fam\u00edlia, o jantar poder\u00e1\/dever\u00e1 ser o momento por honra de partilha.     <br>Sim, partilha.<br>Mais do que grandes question\u00e1rios, a partilha de conversas, viv\u00eancias do dia, \u00e9 fundamental.     <br>Quanto mais os pais transmitirem de como passaram o dia, como se foram sentido, mais os filhos ter\u00e3o tamb\u00e9m vontade de falar deles pr\u00f3prios, de forma mais verdadeira e libertadora. Momento de restaurar energias pois outro dia vir\u00e1.<br>Seria muito importante que, com uma abordagem sempre globalizante e atenta em sa\u00fade mental, se conseguisse evitar ao m\u00e1ximo medica\u00e7\u00f5es, como \u00e9 o meu princ\u00edpio como Pedopsiquiatra.<\/p>\n\n\n\n<blockquote class=\"wp-block-quote is-layout-flow wp-block-quote-is-layout-flow\"><p>Dr.\u00aa Elsa Martins<br>M\u00e9dica Pedopsiquiatra <\/p><\/blockquote>\n\n\n\n<p><a href=\"https:\/\/www.dgs.pt\/documentos-e-publicacoes\/referencial-escolas-controlo-da-transmissao-de-covid-19-em-contexto-escolar-pdf.aspx\">https:\/\/www.dgs.pt\/documentos-e-publicacoes\/referencial-escolas-controlo-da-transmissao-de-covid-19-em-contexto-escolar-pdf.aspx<\/a><\/p>\n","protected":false},"excerpt":{"rendered":"<p>Desde o in\u00edcio da Pandemia, muito se passou a n\u00edvel da sociedade e da vida espec\u00edfica de cada um de n\u00f3s.Muitas foram as orienta\u00e7\u00f5es preconizadas pela DGS e Minist\u00e9rio da Sa\u00fade ao longo dos meses, conforme a situa\u00e7\u00e3o pand\u00e9mica foi evoluindo, nem todas entend\u00edveis, nem todas coerentes, nem todas consensuais, nem todas pratic\u00e1veis ou praticadas. [&hellip;]<\/p>\n","protected":false},"author":3,"featured_media":4048,"comment_status":"open","ping_status":"open","sticky":false,"template":"","format":"standard","meta":{"_et_pb_use_builder":"","_et_pb_old_content":"","_et_gb_content_width":"","footnotes":""},"categories":[66],"tags":[],"dipi_cpt_category":[],"class_list":["post-4022","post","type-post","status-publish","format-standard","has-post-thumbnail","hentry","category-pedopsiquiatria"],"yoast_head":"<!-- This site is optimized with the Yoast SEO plugin v27.4 - https:\/\/yoast.com\/product\/yoast-seo-wordpress\/ -->\n<title>Regressar \u00e0 escola em tempos estranhos | Clinimed<\/title>\n<meta name=\"robots\" content=\"index, follow, max-snippet:-1, max-image-preview:large, max-video-preview:-1\" \/>\n<link rel=\"canonical\" href=\"https:\/\/clinimed.pt\/en\/regressar-a-escola-em-tempos-estranhos\/\" \/>\n<meta property=\"og:locale\" content=\"en_US\" \/>\n<meta property=\"og:type\" content=\"article\" \/>\n<meta property=\"og:title\" content=\"Regressar \u00e0 escola em tempos estranhos | Clinimed\" \/>\n<meta property=\"og:description\" content=\"Desde o in\u00edcio da Pandemia, muito se passou a n\u00edvel da sociedade e da vida espec\u00edfica de cada um de n\u00f3s.Muitas foram as orienta\u00e7\u00f5es preconizadas pela DGS e Minist\u00e9rio da Sa\u00fade ao longo dos meses, conforme a situa\u00e7\u00e3o pand\u00e9mica foi evoluindo, nem todas entend\u00edveis, nem todas coerentes, nem todas consensuais, nem todas pratic\u00e1veis ou praticadas. [&hellip;]\" \/>\n<meta property=\"og:url\" content=\"https:\/\/clinimed.pt\/en\/regressar-a-escola-em-tempos-estranhos\/\" \/>\n<meta property=\"og:site_name\" content=\"Clinimed\" \/>\n<meta property=\"article:publisher\" content=\"https:\/\/www.facebook.com\/Clinimed.Obidos\" \/>\n<meta property=\"article:published_time\" content=\"2020-09-23T11:00:17+00:00\" \/>\n<meta property=\"article:modified_time\" content=\"2020-09-24T11:18:12+00:00\" \/>\n<meta property=\"og:image\" content=\"https:\/\/clinimed.pt\/app\/uploads\/2020\/09\/blog_pedopsiquiatria5.jpg\" \/>\n\t<meta property=\"og:image:width\" content=\"1200\" \/>\n\t<meta property=\"og:image:height\" content=\"600\" \/>\n\t<meta property=\"og:image:type\" content=\"image\/jpeg\" \/>\n<meta name=\"twitter:card\" content=\"summary_large_image\" \/>\n<script type=\"application\/ld+json\" class=\"yoast-schema-graph\">{\"@context\":\"https:\\\/\\\/schema.org\",\"@graph\":[{\"@type\":\"Article\",\"@id\":\"https:\\\/\\\/clinimed.pt\\\/en\\\/regressar-a-escola-em-tempos-estranhos\\\/#article\",\"isPartOf\":{\"@id\":\"https:\\\/\\\/clinimed.pt\\\/en\\\/regressar-a-escola-em-tempos-estranhos\\\/\"},\"author\":{\"name\":\"Renato Santos\",\"@id\":\"https:\\\/\\\/clinimed.pt\\\/en\\\/#\\\/schema\\\/person\\\/c424c7046e1e0a945380c9c5468e09cc\"},\"headline\":\"Regressar \u00e0 escola em tempos estranhos\",\"datePublished\":\"2020-09-23T11:00:17+00:00\",\"dateModified\":\"2020-09-24T11:18:12+00:00\",\"mainEntityOfPage\":{\"@id\":\"https:\\\/\\\/clinimed.pt\\\/en\\\/regressar-a-escola-em-tempos-estranhos\\\/\"},\"wordCount\":804,\"commentCount\":0,\"publisher\":{\"@id\":\"https:\\\/\\\/clinimed.pt\\\/en\\\/#organization\"},\"image\":{\"@id\":\"https:\\\/\\\/clinimed.pt\\\/en\\\/regressar-a-escola-em-tempos-estranhos\\\/#primaryimage\"},\"thumbnailUrl\":\"https:\\\/\\\/clinimed.pt\\\/wp-content\\\/uploads\\\/2020\\\/09\\\/blog_pedopsiquiatria5.jpg\",\"articleSection\":[\"Pedopsiquiatria\"],\"inLanguage\":\"en-US\",\"potentialAction\":[{\"@type\":\"CommentAction\",\"name\":\"Comment\",\"target\":[\"https:\\\/\\\/clinimed.pt\\\/en\\\/regressar-a-escola-em-tempos-estranhos\\\/#respond\"]}]},{\"@type\":\"WebPage\",\"@id\":\"https:\\\/\\\/clinimed.pt\\\/en\\\/regressar-a-escola-em-tempos-estranhos\\\/\",\"url\":\"https:\\\/\\\/clinimed.pt\\\/en\\\/regressar-a-escola-em-tempos-estranhos\\\/\",\"name\":\"Regressar \u00e0 escola em tempos estranhos | Clinimed\",\"isPartOf\":{\"@id\":\"https:\\\/\\\/clinimed.pt\\\/en\\\/#website\"},\"primaryImageOfPage\":{\"@id\":\"https:\\\/\\\/clinimed.pt\\\/en\\\/regressar-a-escola-em-tempos-estranhos\\\/#primaryimage\"},\"image\":{\"@id\":\"https:\\\/\\\/clinimed.pt\\\/en\\\/regressar-a-escola-em-tempos-estranhos\\\/#primaryimage\"},\"thumbnailUrl\":\"https:\\\/\\\/clinimed.pt\\\/wp-content\\\/uploads\\\/2020\\\/09\\\/blog_pedopsiquiatria5.jpg\",\"datePublished\":\"2020-09-23T11:00:17+00:00\",\"dateModified\":\"2020-09-24T11:18:12+00:00\",\"breadcrumb\":{\"@id\":\"https:\\\/\\\/clinimed.pt\\\/en\\\/regressar-a-escola-em-tempos-estranhos\\\/#breadcrumb\"},\"inLanguage\":\"en-US\",\"potentialAction\":[{\"@type\":\"ReadAction\",\"target\":[\"https:\\\/\\\/clinimed.pt\\\/en\\\/regressar-a-escola-em-tempos-estranhos\\\/\"]}]},{\"@type\":\"ImageObject\",\"inLanguage\":\"en-US\",\"@id\":\"https:\\\/\\\/clinimed.pt\\\/en\\\/regressar-a-escola-em-tempos-estranhos\\\/#primaryimage\",\"url\":\"https:\\\/\\\/clinimed.pt\\\/wp-content\\\/uploads\\\/2020\\\/09\\\/blog_pedopsiquiatria5.jpg\",\"contentUrl\":\"https:\\\/\\\/clinimed.pt\\\/wp-content\\\/uploads\\\/2020\\\/09\\\/blog_pedopsiquiatria5.jpg\",\"width\":1200,\"height\":600},{\"@type\":\"BreadcrumbList\",\"@id\":\"https:\\\/\\\/clinimed.pt\\\/en\\\/regressar-a-escola-em-tempos-estranhos\\\/#breadcrumb\",\"itemListElement\":[{\"@type\":\"ListItem\",\"position\":1,\"name\":\"Home\",\"item\":\"https:\\\/\\\/clinimed.pt\\\/en\\\/\"},{\"@type\":\"ListItem\",\"position\":2,\"name\":\"Regressar \u00e0 escola em tempos estranhos\"}]},{\"@type\":\"WebSite\",\"@id\":\"https:\\\/\\\/clinimed.pt\\\/en\\\/#website\",\"url\":\"https:\\\/\\\/clinimed.pt\\\/en\\\/\",\"name\":\"Clinimed\",\"description\":\"Centro M\u00e9dico em \u00d3bidos\",\"publisher\":{\"@id\":\"https:\\\/\\\/clinimed.pt\\\/en\\\/#organization\"},\"potentialAction\":[{\"@type\":\"SearchAction\",\"target\":{\"@type\":\"EntryPoint\",\"urlTemplate\":\"https:\\\/\\\/clinimed.pt\\\/en\\\/?s={search_term_string}\"},\"query-input\":{\"@type\":\"PropertyValueSpecification\",\"valueRequired\":true,\"valueName\":\"search_term_string\"}}],\"inLanguage\":\"en-US\"},{\"@type\":\"Organization\",\"@id\":\"https:\\\/\\\/clinimed.pt\\\/en\\\/#organization\",\"name\":\"Clinimed\",\"url\":\"https:\\\/\\\/clinimed.pt\\\/en\\\/\",\"logo\":{\"@type\":\"ImageObject\",\"inLanguage\":\"en-US\",\"@id\":\"https:\\\/\\\/clinimed.pt\\\/en\\\/#\\\/schema\\\/logo\\\/image\\\/\",\"url\":\"https:\\\/\\\/clinimed.pt\\\/wp-content\\\/uploads\\\/2024\\\/05\\\/01_logo_CLINIMED_horizontal_Color2.svg\",\"contentUrl\":\"https:\\\/\\\/clinimed.pt\\\/wp-content\\\/uploads\\\/2024\\\/05\\\/01_logo_CLINIMED_horizontal_Color2.svg\",\"width\":203,\"height\":55,\"caption\":\"Clinimed\"},\"image\":{\"@id\":\"https:\\\/\\\/clinimed.pt\\\/en\\\/#\\\/schema\\\/logo\\\/image\\\/\"},\"sameAs\":[\"https:\\\/\\\/www.facebook.com\\\/Clinimed.Obidos\"]},{\"@type\":\"Person\",\"@id\":\"https:\\\/\\\/clinimed.pt\\\/en\\\/#\\\/schema\\\/person\\\/c424c7046e1e0a945380c9c5468e09cc\",\"name\":\"Renato Santos\",\"image\":{\"@type\":\"ImageObject\",\"inLanguage\":\"en-US\",\"@id\":\"https:\\\/\\\/secure.gravatar.com\\\/avatar\\\/f51c9b05eda50e51373bb4ae36ece6633588b4be89cc666770e34d290f8167be?s=96&d=mm&r=g\",\"url\":\"https:\\\/\\\/secure.gravatar.com\\\/avatar\\\/f51c9b05eda50e51373bb4ae36ece6633588b4be89cc666770e34d290f8167be?s=96&d=mm&r=g\",\"contentUrl\":\"https:\\\/\\\/secure.gravatar.com\\\/avatar\\\/f51c9b05eda50e51373bb4ae36ece6633588b4be89cc666770e34d290f8167be?s=96&d=mm&r=g\",\"caption\":\"Renato Santos\"}}]}<\/script>\n<!-- \/ Yoast SEO plugin. -->","yoast_head_json":{"title":"Regressar \u00e0 escola em tempos estranhos | Clinimed","robots":{"index":"index","follow":"follow","max-snippet":"max-snippet:-1","max-image-preview":"max-image-preview:large","max-video-preview":"max-video-preview:-1"},"canonical":"https:\/\/clinimed.pt\/en\/regressar-a-escola-em-tempos-estranhos\/","og_locale":"en_US","og_type":"article","og_title":"Regressar \u00e0 escola em tempos estranhos | Clinimed","og_description":"Desde o in\u00edcio da Pandemia, muito se passou a n\u00edvel da sociedade e da vida espec\u00edfica de cada um de n\u00f3s.Muitas foram as orienta\u00e7\u00f5es preconizadas pela DGS e Minist\u00e9rio da Sa\u00fade ao longo dos meses, conforme a situa\u00e7\u00e3o pand\u00e9mica foi evoluindo, nem todas entend\u00edveis, nem todas coerentes, nem todas consensuais, nem todas pratic\u00e1veis ou praticadas. [&hellip;]","og_url":"https:\/\/clinimed.pt\/en\/regressar-a-escola-em-tempos-estranhos\/","og_site_name":"Clinimed","article_publisher":"https:\/\/www.facebook.com\/Clinimed.Obidos","article_published_time":"2020-09-23T11:00:17+00:00","article_modified_time":"2020-09-24T11:18:12+00:00","og_image":[{"width":1200,"height":600,"url":"https:\/\/clinimed.pt\/app\/uploads\/2020\/09\/blog_pedopsiquiatria5.jpg","type":"image\/jpeg"}],"twitter_card":"summary_large_image","schema":{"@context":"https:\/\/schema.org","@graph":[{"@type":"Article","@id":"https:\/\/clinimed.pt\/en\/regressar-a-escola-em-tempos-estranhos\/#article","isPartOf":{"@id":"https:\/\/clinimed.pt\/en\/regressar-a-escola-em-tempos-estranhos\/"},"author":{"name":"Renato Santos","@id":"https:\/\/clinimed.pt\/en\/#\/schema\/person\/c424c7046e1e0a945380c9c5468e09cc"},"headline":"Regressar \u00e0 escola em tempos estranhos","datePublished":"2020-09-23T11:00:17+00:00","dateModified":"2020-09-24T11:18:12+00:00","mainEntityOfPage":{"@id":"https:\/\/clinimed.pt\/en\/regressar-a-escola-em-tempos-estranhos\/"},"wordCount":804,"commentCount":0,"publisher":{"@id":"https:\/\/clinimed.pt\/en\/#organization"},"image":{"@id":"https:\/\/clinimed.pt\/en\/regressar-a-escola-em-tempos-estranhos\/#primaryimage"},"thumbnailUrl":"https:\/\/clinimed.pt\/wp-content\/uploads\/2020\/09\/blog_pedopsiquiatria5.jpg","articleSection":["Pedopsiquiatria"],"inLanguage":"en-US","potentialAction":[{"@type":"CommentAction","name":"Comment","target":["https:\/\/clinimed.pt\/en\/regressar-a-escola-em-tempos-estranhos\/#respond"]}]},{"@type":"WebPage","@id":"https:\/\/clinimed.pt\/en\/regressar-a-escola-em-tempos-estranhos\/","url":"https:\/\/clinimed.pt\/en\/regressar-a-escola-em-tempos-estranhos\/","name":"Regressar \u00e0 escola em tempos estranhos | Clinimed","isPartOf":{"@id":"https:\/\/clinimed.pt\/en\/#website"},"primaryImageOfPage":{"@id":"https:\/\/clinimed.pt\/en\/regressar-a-escola-em-tempos-estranhos\/#primaryimage"},"image":{"@id":"https:\/\/clinimed.pt\/en\/regressar-a-escola-em-tempos-estranhos\/#primaryimage"},"thumbnailUrl":"https:\/\/clinimed.pt\/wp-content\/uploads\/2020\/09\/blog_pedopsiquiatria5.jpg","datePublished":"2020-09-23T11:00:17+00:00","dateModified":"2020-09-24T11:18:12+00:00","breadcrumb":{"@id":"https:\/\/clinimed.pt\/en\/regressar-a-escola-em-tempos-estranhos\/#breadcrumb"},"inLanguage":"en-US","potentialAction":[{"@type":"ReadAction","target":["https:\/\/clinimed.pt\/en\/regressar-a-escola-em-tempos-estranhos\/"]}]},{"@type":"ImageObject","inLanguage":"en-US","@id":"https:\/\/clinimed.pt\/en\/regressar-a-escola-em-tempos-estranhos\/#primaryimage","url":"https:\/\/clinimed.pt\/wp-content\/uploads\/2020\/09\/blog_pedopsiquiatria5.jpg","contentUrl":"https:\/\/clinimed.pt\/wp-content\/uploads\/2020\/09\/blog_pedopsiquiatria5.jpg","width":1200,"height":600},{"@type":"BreadcrumbList","@id":"https:\/\/clinimed.pt\/en\/regressar-a-escola-em-tempos-estranhos\/#breadcrumb","itemListElement":[{"@type":"ListItem","position":1,"name":"Home","item":"https:\/\/clinimed.pt\/en\/"},{"@type":"ListItem","position":2,"name":"Regressar \u00e0 escola em tempos estranhos"}]},{"@type":"WebSite","@id":"https:\/\/clinimed.pt\/en\/#website","url":"https:\/\/clinimed.pt\/en\/","name":"Clinimed","description":"Centro M\u00e9dico em \u00d3bidos","publisher":{"@id":"https:\/\/clinimed.pt\/en\/#organization"},"potentialAction":[{"@type":"SearchAction","target":{"@type":"EntryPoint","urlTemplate":"https:\/\/clinimed.pt\/en\/?s={search_term_string}"},"query-input":{"@type":"PropertyValueSpecification","valueRequired":true,"valueName":"search_term_string"}}],"inLanguage":"en-US"},{"@type":"Organization","@id":"https:\/\/clinimed.pt\/en\/#organization","name":"Clinimed","url":"https:\/\/clinimed.pt\/en\/","logo":{"@type":"ImageObject","inLanguage":"en-US","@id":"https:\/\/clinimed.pt\/en\/#\/schema\/logo\/image\/","url":"https:\/\/clinimed.pt\/wp-content\/uploads\/2024\/05\/01_logo_CLINIMED_horizontal_Color2.svg","contentUrl":"https:\/\/clinimed.pt\/wp-content\/uploads\/2024\/05\/01_logo_CLINIMED_horizontal_Color2.svg","width":203,"height":55,"caption":"Clinimed"},"image":{"@id":"https:\/\/clinimed.pt\/en\/#\/schema\/logo\/image\/"},"sameAs":["https:\/\/www.facebook.com\/Clinimed.Obidos"]},{"@type":"Person","@id":"https:\/\/clinimed.pt\/en\/#\/schema\/person\/c424c7046e1e0a945380c9c5468e09cc","name":"Renato Santos","image":{"@type":"ImageObject","inLanguage":"en-US","@id":"https:\/\/secure.gravatar.com\/avatar\/f51c9b05eda50e51373bb4ae36ece6633588b4be89cc666770e34d290f8167be?s=96&d=mm&r=g","url":"https:\/\/secure.gravatar.com\/avatar\/f51c9b05eda50e51373bb4ae36ece6633588b4be89cc666770e34d290f8167be?s=96&d=mm&r=g","contentUrl":"https:\/\/secure.gravatar.com\/avatar\/f51c9b05eda50e51373bb4ae36ece6633588b4be89cc666770e34d290f8167be?s=96&d=mm&r=g","caption":"Renato Santos"}}]}},"_links":{"self":[{"href":"https:\/\/clinimed.pt\/en\/wp-json\/wp\/v2\/posts\/4022","targetHints":{"allow":["GET"]}}],"collection":[{"href":"https:\/\/clinimed.pt\/en\/wp-json\/wp\/v2\/posts"}],"about":[{"href":"https:\/\/clinimed.pt\/en\/wp-json\/wp\/v2\/types\/post"}],"author":[{"embeddable":true,"href":"https:\/\/clinimed.pt\/en\/wp-json\/wp\/v2\/users\/3"}],"replies":[{"embeddable":true,"href":"https:\/\/clinimed.pt\/en\/wp-json\/wp\/v2\/comments?post=4022"}],"version-history":[{"count":0,"href":"https:\/\/clinimed.pt\/en\/wp-json\/wp\/v2\/posts\/4022\/revisions"}],"wp:featuredmedia":[{"embeddable":true,"href":"https:\/\/clinimed.pt\/en\/wp-json\/wp\/v2\/media\/4048"}],"wp:attachment":[{"href":"https:\/\/clinimed.pt\/en\/wp-json\/wp\/v2\/media?parent=4022"}],"wp:term":[{"taxonomy":"category","embeddable":true,"href":"https:\/\/clinimed.pt\/en\/wp-json\/wp\/v2\/categories?post=4022"},{"taxonomy":"post_tag","embeddable":true,"href":"https:\/\/clinimed.pt\/en\/wp-json\/wp\/v2\/tags?post=4022"},{"taxonomy":"dipi_cpt_category","embeddable":true,"href":"https:\/\/clinimed.pt\/en\/wp-json\/wp\/v2\/dipi_cpt_category?post=4022"}],"curies":[{"name":"wp","href":"https:\/\/api.w.org\/{rel}","templated":true}]}}